{"id":6236,"date":"2023-07-12T00:00:00","date_gmt":"2023-07-12T00:00:00","guid":{"rendered":"http:\/\/dev.abellaires.com\/premis-girona-excellent-2023\/"},"modified":"2025-05-02T10:19:16","modified_gmt":"2025-05-02T08:19:16","slug":"premis-girona-excellent-2023","status":"publish","type":"post","link":"https:\/\/www.abellaires.com\/es\/2023\/07\/12\/premis-girona-excellent-2023\/","title":{"rendered":"Premios Girona Excel\u00b7lent 2023"},"content":{"rendered":"&#13;\n<p>Ayer fue una jornada plena de emociones indescriptibles.<\/p>&#13;\n<p>Tuvimos la inmensa satisfacci\u00f3n de recibir los prestigiosos premios Girona Excel\u00b7lent por nuestras mieles de Mil Flores, la ecol\u00f3gica del Cap de Creus y la de peque\u00f1a recolecci\u00f3n Brezo.<\/p>&#13;\n<p>Nuestra alegr\u00eda fue doble ya que tuvimos el honor de compartir ese momento con el reconocido Joan Roca del Celler de Can Roca.<\/p>&#13;\n<p>Sin duda, una experiencia inolvidable que nos motiva a continuar con nuestra pasi\u00f3n ap\u00edcola.<\/p>&#13;\n<p>Expresar nuestra gratitud es imprescindible. Queremos dar las gracias a la Diputaci\u00f3 de Girona por habernos tenido en cuenta y queremos agradecer al equipo organizativo por la magn\u00edfica gala celebrada en Mas Marroch.<\/p>&#13;\n<p>Tambi\u00e9n felicitamos sinceramente a los otros premiados, muchos de los cuales elaboran productos extraordinarios en el Alt Empord\u00e0. Estamos encantados de ser parte de esta comunidad dedicada a ofrecer productos de calidad excepcional.<\/p>&#13;\n","protected":false},"excerpt":{"rendered":"<p>&#13; Ayer fue una jornada plena de emociones indescriptibles. &#13; Tuvimos la &#8230;<\/p>\n","protected":false},"author":2,"featured_media":5594,"comment_status":"closed","ping_status":"closed","sticky":false,"template":"","format":"standard","meta":{"inline_featured_image":false,"footnotes":""},"categories":[187],"tags":[],"class_list":["post-6236","post","type-post","status-publish","format-standard","has-post-thumbnail","hentry","category-premis-es"],"_links":{"self":[{"href":"https:\/\/www.abellaires.com\/es\/wp-json\/wp\/v2\/posts\/6236","targetHints":{"allow":["GET"]}}],"collection":[{"href":"https:\/\/www.abellaires.com\/es\/wp-json\/wp\/v2\/posts"}],"about":[{"href":"https:\/\/www.abellaires.com\/es\/wp-json\/wp\/v2\/types\/post"}],"author":[{"embeddable":true,"href":"https:\/\/www.abellaires.com\/es\/wp-json\/wp\/v2\/users\/2"}],"replies":[{"embeddable":true,"href":"https:\/\/www.abellaires.com\/es\/wp-json\/wp\/v2\/comments?post=6236"}],"version-history":[{"count":1,"href":"https:\/\/www.abellaires.com\/es\/wp-json\/wp\/v2\/posts\/6236\/revisions"}],"predecessor-version":[{"id":15426,"href":"https:\/\/www.abellaires.com\/es\/wp-json\/wp\/v2\/posts\/6236\/revisions\/15426"}],"wp:featuredmedia":[{"embeddable":true,"href":"https:\/\/www.abellaires.com\/es\/wp-json\/wp\/v2\/media\/5594"}],"wp:attachment":[{"href":"https:\/\/www.abellaires.com\/es\/wp-json\/wp\/v2\/media?parent=6236"}],"wp:term":[{"taxonomy":"category","embeddable":true,"href":"https:\/\/www.abellaires.com\/es\/wp-json\/wp\/v2\/categories?post=6236"},{"taxonomy":"post_tag","embeddable":true,"href":"https:\/\/www.abellaires.com\/es\/wp-json\/wp\/v2\/tags?post=6236"}],"curies":[{"name":"wp","href":"https:\/\/api.w.org\/{rel}","templated":true}]}}