{"id":6264,"date":"2023-05-31T14:21:53","date_gmt":"2023-05-31T14:21:53","guid":{"rendered":"http:\/\/dev.abellaires.com\/entrevista-radio-vilafant\/"},"modified":"2023-11-30T14:22:49","modified_gmt":"2023-11-30T14:22:49","slug":"entrevista-radio-vilafant","status":"publish","type":"post","link":"https:\/\/www.abellaires.com\/es\/2023\/05\/31\/entrevista-radio-vilafant\/","title":{"rendered":"Entrevista en Radio Vilafant"},"content":{"rendered":"<p>Hoy hemos tenido el placer de compartir la fascinaci\u00f3n por la miel y las abejas con los compa\u00f1eros de Radio Vilafant.<\/p>\n<p>A trav\u00e9s de esta conversaci\u00f3n, hemos explorado las m\u00faltiples dimensiones del mundo ap\u00edcola. Es siempre un honor poder divulgar la pasi\u00f3n que tenemos por esta actividad tan enriquecedora.<\/p>\n<p>Os invitamos a escuchar nuestra participaci\u00f3n en Radio Vilafant y descubrir las historias que compartimos sobre la naturaleza y la magia de las abejas.<\/p>\n<p>Agadecemos sinceramente a Merc\u00e8 Munt por invitarnos a formar parte de su espacio y por la oportunidad de difundir el amor por las abejas y sus deliciosos regalos.<\/p>\n<p><a href=\"https:\/\/www.radiovilafant.net\/abellaires-empordanesos\/\" target=\"_blank\" rel=\"noopener\">\u00a1Esc\u00fachala aqu\u00ed<\/a>!<\/p>\n<p>&nbsp;<\/p>\n<p>&nbsp;<\/p>\n","protected":false},"excerpt":{"rendered":"<p>Hoy hemos tenido el placer de compartir la fascinaci\u00f3n por la miel &#8230;<\/p>\n","protected":false},"author":2,"featured_media":5606,"comment_status":"open","ping_status":"open","sticky":false,"template":"","format":"standard","meta":{"inline_featured_image":false,"footnotes":""},"categories":[188],"tags":[],"class_list":["post-6264","post","type-post","status-publish","format-standard","has-post-thumbnail","hentry","category-noticies-es"],"_links":{"self":[{"href":"https:\/\/www.abellaires.com\/es\/wp-json\/wp\/v2\/posts\/6264","targetHints":{"allow":["GET"]}}],"collection":[{"href":"https:\/\/www.abellaires.com\/es\/wp-json\/wp\/v2\/posts"}],"about":[{"href":"https:\/\/www.abellaires.com\/es\/wp-json\/wp\/v2\/types\/post"}],"author":[{"embeddable":true,"href":"https:\/\/www.abellaires.com\/es\/wp-json\/wp\/v2\/users\/2"}],"replies":[{"embeddable":true,"href":"https:\/\/www.abellaires.com\/es\/wp-json\/wp\/v2\/comments?post=6264"}],"version-history":[{"count":0,"href":"https:\/\/www.abellaires.com\/es\/wp-json\/wp\/v2\/posts\/6264\/revisions"}],"wp:featuredmedia":[{"embeddable":true,"href":"https:\/\/www.abellaires.com\/es\/wp-json\/wp\/v2\/media\/5606"}],"wp:attachment":[{"href":"https:\/\/www.abellaires.com\/es\/wp-json\/wp\/v2\/media?parent=6264"}],"wp:term":[{"taxonomy":"category","embeddable":true,"href":"https:\/\/www.abellaires.com\/es\/wp-json\/wp\/v2\/categories?post=6264"},{"taxonomy":"post_tag","embeddable":true,"href":"https:\/\/www.abellaires.com\/es\/wp-json\/wp\/v2\/tags?post=6264"}],"curies":[{"name":"wp","href":"https:\/\/api.w.org\/{rel}","templated":true}]}}