{"id":15428,"date":"2023-07-12T00:00:00","date_gmt":"2023-07-11T22:00:00","guid":{"rendered":"https:\/\/www.abellaires.com\/prix-dexcellence-de-gerone-2023\/"},"modified":"2025-05-02T10:19:17","modified_gmt":"2025-05-02T08:19:17","slug":"prix-dexcellence-de-gerone-2023","status":"publish","type":"post","link":"https:\/\/www.abellaires.com\/fr\/2023\/07\/12\/prix-dexcellence-de-gerone-2023\/","title":{"rendered":"Prix \u200b\u200bd&rsquo;excellence de G\u00e9rone 2023"},"content":{"rendered":"&#13;\n<p>Hier a \u00e9t\u00e9 une journ\u00e9e pleine d\u2019\u00e9motions indescriptibles.<\/p>&#13;\n<p>Nous avons eu l&rsquo;immense satisfaction de recevoir les prestigieux prix Girona Excel\u00b7lent pour nos miels de Mil Flors, le miel biologique du Cap de Creus et le miel de petite r\u00e9colte de Bruc.<\/p>&#13;\n<p>Notre joie fut double, car nous avons eu l&rsquo;honneur de partager ce moment avec le c\u00e9l\u00e8bre Joan Roca du Celler de Can Roca.<\/p>&#13;\n<p>Sans aucun doute, une exp\u00e9rience inoubliable qui nous motive \u00e0 continuer notre passion pour l\u2019apiculture.<\/p>&#13;\n<p>Exprimer notre gratitude est essentiel. Nous tenons \u00e0 remercier le Conseil provincial de G\u00e9rone de nous avoir pris en compte et \u00e0 remercier l&rsquo;\u00e9quipe organisatrice pour le magnifique gala qui s&rsquo;est tenu au Mas Marroch. <\/p>&#13;\n<p>Nous f\u00e9licitons \u00e9galement sinc\u00e8rement les autres laur\u00e9ats, dont beaucoup produisent des produits extraordinaires de l&rsquo;Alt Empord\u00e0. Nous sommes ravis de faire partie de cette communaut\u00e9 d\u00e9di\u00e9e \u00e0 fournir des produits de qualit\u00e9 exceptionnelle. <\/p>&#13;\n","protected":false},"excerpt":{"rendered":"<p>&#13; Hier a \u00e9t\u00e9 une journ\u00e9e pleine d\u2019\u00e9motions indescriptibles. &#13; Nous avons &#8230;<\/p>\n","protected":false},"author":2,"featured_media":5593,"comment_status":"closed","ping_status":"closed","sticky":false,"template":"","format":"standard","meta":{"inline_featured_image":false,"footnotes":""},"categories":[570],"tags":[],"class_list":["post-15428","post","type-post","status-publish","format-standard","has-post-thumbnail","hentry","category-recompenses"],"_links":{"self":[{"href":"https:\/\/www.abellaires.com\/fr\/wp-json\/wp\/v2\/posts\/15428","targetHints":{"allow":["GET"]}}],"collection":[{"href":"https:\/\/www.abellaires.com\/fr\/wp-json\/wp\/v2\/posts"}],"about":[{"href":"https:\/\/www.abellaires.com\/fr\/wp-json\/wp\/v2\/types\/post"}],"author":[{"embeddable":true,"href":"https:\/\/www.abellaires.com\/fr\/wp-json\/wp\/v2\/users\/2"}],"replies":[{"embeddable":true,"href":"https:\/\/www.abellaires.com\/fr\/wp-json\/wp\/v2\/comments?post=15428"}],"version-history":[{"count":1,"href":"https:\/\/www.abellaires.com\/fr\/wp-json\/wp\/v2\/posts\/15428\/revisions"}],"predecessor-version":[{"id":15430,"href":"https:\/\/www.abellaires.com\/fr\/wp-json\/wp\/v2\/posts\/15428\/revisions\/15430"}],"wp:featuredmedia":[{"embeddable":true,"href":"https:\/\/www.abellaires.com\/fr\/wp-json\/wp\/v2\/media\/5593"}],"wp:attachment":[{"href":"https:\/\/www.abellaires.com\/fr\/wp-json\/wp\/v2\/media?parent=15428"}],"wp:term":[{"taxonomy":"category","embeddable":true,"href":"https:\/\/www.abellaires.com\/fr\/wp-json\/wp\/v2\/categories?post=15428"},{"taxonomy":"post_tag","embeddable":true,"href":"https:\/\/www.abellaires.com\/fr\/wp-json\/wp\/v2\/tags?post=15428"}],"curies":[{"name":"wp","href":"https:\/\/api.w.org\/{rel}","templated":true}]}}