{"id":15436,"date":"2023-05-31T14:21:53","date_gmt":"2023-05-31T12:21:53","guid":{"rendered":"https:\/\/www.abellaires.com\/interview-sur-radio-vilafant\/"},"modified":"2023-05-31T14:21:53","modified_gmt":"2023-05-31T12:21:53","slug":"interview-sur-radio-vilafant","status":"publish","type":"post","link":"https:\/\/www.abellaires.com\/fr\/2023\/05\/31\/interview-sur-radio-vilafant\/","title":{"rendered":"Interview sur Radio Vilafant"},"content":{"rendered":"<p>Aujourd&rsquo;hui, nous avons eu le plaisir de partager notre fascination pour le miel et les abeilles avec nos coll\u00e8gues de Radio Vilafant.<\/p>\n<p>\u00c0 travers cette conversation, nous avons explor\u00e9 les multiples dimensions du monde apicole. C&rsquo;est toujours un honneur de pouvoir partager la passion que nous avons pour cette activit\u00e9 enrichissante. <\/p>\n<p>Je vous invite \u00e0 \u00e9couter notre participation sur Radio Vilafant et \u00e0 d\u00e9couvrir les histoires que nous partageons sur la nature et la magie des abeilles.<\/p>\n<p>Nous remercions sinc\u00e8rement Merc\u00e8 Munt de nous avoir invit\u00e9s \u00e0 faire partie de son espace et de nous avoir donn\u00e9 l\u2019opportunit\u00e9 de partager l\u2019amour des abeilles et de leurs d\u00e9licieux cadeaux.<\/p>\n<p><a href=\"https:\/\/www.radiovilafant.net\/abellaires-empordanesos\/\" target=\"_blank\" rel=\"noopener\">\u00c9coutez-le ici<\/a> !<\/p>\n<p>&nbsp;<\/p>\n<p>&nbsp;<\/p>\n","protected":false},"excerpt":{"rendered":"<p>Aujourd&rsquo;hui, nous avons eu le plaisir de partager notre fascination pour le &#8230;<\/p>\n","protected":false},"author":2,"featured_media":5605,"comment_status":"open","ping_status":"open","sticky":false,"template":"","format":"standard","meta":{"inline_featured_image":false,"footnotes":""},"categories":[572],"tags":[],"class_list":["post-15436","post","type-post","status-publish","format-standard","has-post-thumbnail","hentry","category-nouvelles"],"_links":{"self":[{"href":"https:\/\/www.abellaires.com\/fr\/wp-json\/wp\/v2\/posts\/15436","targetHints":{"allow":["GET"]}}],"collection":[{"href":"https:\/\/www.abellaires.com\/fr\/wp-json\/wp\/v2\/posts"}],"about":[{"href":"https:\/\/www.abellaires.com\/fr\/wp-json\/wp\/v2\/types\/post"}],"author":[{"embeddable":true,"href":"https:\/\/www.abellaires.com\/fr\/wp-json\/wp\/v2\/users\/2"}],"replies":[{"embeddable":true,"href":"https:\/\/www.abellaires.com\/fr\/wp-json\/wp\/v2\/comments?post=15436"}],"version-history":[{"count":0,"href":"https:\/\/www.abellaires.com\/fr\/wp-json\/wp\/v2\/posts\/15436\/revisions"}],"wp:featuredmedia":[{"embeddable":true,"href":"https:\/\/www.abellaires.com\/fr\/wp-json\/wp\/v2\/media\/5605"}],"wp:attachment":[{"href":"https:\/\/www.abellaires.com\/fr\/wp-json\/wp\/v2\/media?parent=15436"}],"wp:term":[{"taxonomy":"category","embeddable":true,"href":"https:\/\/www.abellaires.com\/fr\/wp-json\/wp\/v2\/categories?post=15436"},{"taxonomy":"post_tag","embeddable":true,"href":"https:\/\/www.abellaires.com\/fr\/wp-json\/wp\/v2\/tags?post=15436"}],"curies":[{"name":"wp","href":"https:\/\/api.w.org\/{rel}","templated":true}]}}